{"id":2594,"date":"2020-06-19T23:25:44","date_gmt":"2020-06-19T23:25:44","guid":{"rendered":"https:\/\/alausa.org\/?post_type=news&#038;p=2594"},"modified":"2020-06-19T23:27:22","modified_gmt":"2020-06-19T23:27:22","slug":"asv-pirmizrade-ilgu-koncertam-isakas-nakts-dziesmas","status":"publish","type":"news","link":"https:\/\/alausa.org\/en\/aktualitates\/asv-pirmizrade-ilgu-koncertam-isakas-nakts-dziesmas\/","title":{"rendered":"U.S. Premiere of I\u013c\u0123i Concert &#8220;Songs for the Shortest Night&#8221;"},"content":{"rendered":"<div class=\"text_exposed_show\"><\/div>\n<div class=\"text_exposed_show\">\n<p>Post-folk group I\u013c\u0123i and ALA are offering Latvian-Americans a unique experience for their at-home J\u0101\u0146i (summer solstice) celebration this year. Only for a short time on ALA&#8217;s YouTube channel will you be able to view the I\u013c\u0123i concert &#8220;Songs for the Shortest Night&#8221;, which is being premiered for the first time outside Latvia&#8217;s borders! This concert was filmed in 2009, together with the release of the album with that same name. You will hear songs from popular I\u013c\u0123i albums &#8220;\u012as\u0101k\u0101s nakts dziesmas&#8221;, &#8220;Ne uz vienu dienu&#8221;, &#8220;S\u0113ju v\u0113ju&#8221;, &#8220;Kaza k\u0101pa debes\u012bs&#8221;, &#8220;Tur kur m\u012bti&#8221; and &#8220;Ej tu dejot&#8221;. Sing and dance along and engage in your J\u0101\u0146i festivities as you immerse yourself in the music of I\u013c\u0123i!<\/p>\n<p>The video URL will be available here starting with tomorrow.<\/p>\n<p>The concert is filmed in full HD quality, the sound is mixed separately.<\/p>\n<p>We wish you a joyful and meaningful Ja\u0146i celebration!<\/p>\n<div class=\"text_exposed_show\">\n<p>ALA&amp;<br \/>\nIlga Reizniece<br \/>\nM\u0101ris Muktup\u0101vels<br \/>\nGatis Gaujenieks<br \/>\nEgons Kronbergs<br \/>\nM\u0101\u0157ti\u0146\u0161 Linde<\/p>\n<\/div>\n<p><img loading=\"lazy\" decoding=\"async\" class=\"alignnone size-medium wp-image-2597\" src=\"https:\/\/alausa.org\/wp-content\/uploads\/2020\/06\/Il\u0327g\u0327i-foto-300x200.jpg\" alt=\"\" width=\"300\" height=\"200\" srcset=\"https:\/\/alausa.org\/wp-content\/uploads\/2020\/06\/Il\u0327g\u0327i-foto-300x200.jpg 300w, https:\/\/alausa.org\/wp-content\/uploads\/2020\/06\/Il\u0327g\u0327i-foto-1710x1140.jpg 1710w, https:\/\/alausa.org\/wp-content\/uploads\/2020\/06\/Il\u0327g\u0327i-foto-768x512.jpg 768w, https:\/\/alausa.org\/wp-content\/uploads\/2020\/06\/Il\u0327g\u0327i-foto-1024x683.jpg 1024w, https:\/\/alausa.org\/wp-content\/uploads\/2020\/06\/Il\u0327g\u0327i-foto-1536x1024.jpg 1536w, https:\/\/alausa.org\/wp-content\/uploads\/2020\/06\/Il\u0327g\u0327i-foto-1125x750.jpg 1125w, https:\/\/alausa.org\/wp-content\/uploads\/2020\/06\/Il\u0327g\u0327i-foto.jpg 2048w\" sizes=\"auto, (max-width: 300px) 100vw, 300px\" \/><\/p>\n<\/div>\n","protected":false},"featured_media":2595,"template":"","category":[29],"class_list":["post-2594","news","type-news","status-publish","has-post-thumbnail","hentry","category-culture"],"acf":[],"yoast_head":"<!-- This site is optimized with the Yoast SEO plugin v27.2 - https:\/\/yoast.com\/product\/yoast-seo-wordpress\/ -->\n<title>U.S. Premiere of I\u013c\u0123i Concert &quot;Songs for the Shortest Night&quot; - American Latvian Association<\/title>\n<meta name=\"robots\" content=\"index, follow, max-snippet:-1, max-image-preview:large, max-video-preview:-1\" \/>\n<link rel=\"canonical\" href=\"https:\/\/alausa.org\/aktualitates\/asv-pirmizrade-ilgu-koncertam-isakas-nakts-dziesmas\/\" \/>\n<meta property=\"og:locale\" content=\"en_US\" \/>\n<meta property=\"og:type\" content=\"article\" \/>\n<meta property=\"og:title\" content=\"U.S. Premiere of I\u013c\u0123i Concert &quot;Songs for the Shortest Night&quot; - American Latvian Association\" \/>\n<meta property=\"og:description\" content=\"Post-folk group I\u013c\u0123i and ALA are offering Latvian-Americans a unique experience for their at-home J\u0101\u0146i (summer solstice) celebration this year. Only for a short time on ALA&#8217;s YouTube channel will you be able to view the I\u013c\u0123i concert &#8220;Songs for the Shortest Night&#8221;, which is being premiered for the first time outside Latvia&#8217;s borders! This [&hellip;]\" \/>\n<meta property=\"og:url\" content=\"https:\/\/alausa.org\/aktualitates\/asv-pirmizrade-ilgu-koncertam-isakas-nakts-dziesmas\/\" \/>\n<meta property=\"og:site_name\" content=\"American Latvian Association\" \/>\n<meta property=\"article:modified_time\" content=\"2020-06-19T23:27:22+00:00\" \/>\n<meta property=\"og:image\" content=\"https:\/\/alausa.org\/wp-content\/uploads\/2020\/06\/IMG_2696.png\" \/>\n\t<meta property=\"og:image:width\" content=\"1920\" \/>\n\t<meta property=\"og:image:height\" content=\"1080\" \/>\n\t<meta property=\"og:image:type\" content=\"image\/png\" \/>\n<meta name=\"twitter:card\" content=\"summary_large_image\" \/>\n<meta name=\"twitter:label1\" content=\"Est. reading time\" \/>\n\t<meta name=\"twitter:data1\" content=\"1 minute\" \/>\n<script type=\"application\/ld+json\" class=\"yoast-schema-graph\">{\"@context\":\"https:\/\/schema.org\",\"@graph\":[{\"@type\":\"WebPage\",\"@id\":\"https:\/\/alausa.org\/aktualitates\/asv-pirmizrade-ilgu-koncertam-isakas-nakts-dziesmas\/\",\"url\":\"https:\/\/alausa.org\/aktualitates\/asv-pirmizrade-ilgu-koncertam-isakas-nakts-dziesmas\/\",\"name\":\"U.S. Premiere of I\u013c\u0123i Concert \\\"Songs for the Shortest Night\\\" - American Latvian Association\",\"isPartOf\":{\"@id\":\"https:\/\/alausa.org\/#website\"},\"primaryImageOfPage\":{\"@id\":\"https:\/\/alausa.org\/aktualitates\/asv-pirmizrade-ilgu-koncertam-isakas-nakts-dziesmas\/#primaryimage\"},\"image\":{\"@id\":\"https:\/\/alausa.org\/aktualitates\/asv-pirmizrade-ilgu-koncertam-isakas-nakts-dziesmas\/#primaryimage\"},\"thumbnailUrl\":\"https:\/\/alausa.org\/wp-content\/uploads\/2020\/06\/IMG_2696.png\",\"datePublished\":\"2020-06-19T23:25:44+00:00\",\"dateModified\":\"2020-06-19T23:27:22+00:00\",\"breadcrumb\":{\"@id\":\"https:\/\/alausa.org\/aktualitates\/asv-pirmizrade-ilgu-koncertam-isakas-nakts-dziesmas\/#breadcrumb\"},\"inLanguage\":\"en-US\",\"potentialAction\":[{\"@type\":\"ReadAction\",\"target\":[\"https:\/\/alausa.org\/aktualitates\/asv-pirmizrade-ilgu-koncertam-isakas-nakts-dziesmas\/\"]}]},{\"@type\":\"ImageObject\",\"inLanguage\":\"en-US\",\"@id\":\"https:\/\/alausa.org\/aktualitates\/asv-pirmizrade-ilgu-koncertam-isakas-nakts-dziesmas\/#primaryimage\",\"url\":\"https:\/\/alausa.org\/wp-content\/uploads\/2020\/06\/IMG_2696.png\",\"contentUrl\":\"https:\/\/alausa.org\/wp-content\/uploads\/2020\/06\/IMG_2696.png\",\"width\":1920,\"height\":1080},{\"@type\":\"BreadcrumbList\",\"@id\":\"https:\/\/alausa.org\/aktualitates\/asv-pirmizrade-ilgu-koncertam-isakas-nakts-dziesmas\/#breadcrumb\",\"itemListElement\":[{\"@type\":\"ListItem\",\"position\":1,\"name\":\"Home\",\"item\":\"https:\/\/alausa.org\/en\/\"},{\"@type\":\"ListItem\",\"position\":2,\"name\":\"News\",\"item\":\"https:\/\/alausa.org\/en\/aktualitates\/\"},{\"@type\":\"ListItem\",\"position\":3,\"name\":\"U.S. Premiere of I\u013c\u0123i Concert &#8220;Songs for the Shortest Night&#8221;\"}]},{\"@type\":\"WebSite\",\"@id\":\"https:\/\/alausa.org\/#website\",\"url\":\"https:\/\/alausa.org\/\",\"name\":\"American Latvian Association\",\"description\":\"\",\"potentialAction\":[{\"@type\":\"SearchAction\",\"target\":{\"@type\":\"EntryPoint\",\"urlTemplate\":\"https:\/\/alausa.org\/?s={search_term_string}\"},\"query-input\":{\"@type\":\"PropertyValueSpecification\",\"valueRequired\":true,\"valueName\":\"search_term_string\"}}],\"inLanguage\":\"en-US\"}]}<\/script>\n<!-- \/ Yoast SEO plugin. -->","yoast_head_json":{"title":"U.S. Premiere of I\u013c\u0123i Concert \"Songs for the Shortest Night\" - American Latvian Association","robots":{"index":"index","follow":"follow","max-snippet":"max-snippet:-1","max-image-preview":"max-image-preview:large","max-video-preview":"max-video-preview:-1"},"canonical":"https:\/\/alausa.org\/aktualitates\/asv-pirmizrade-ilgu-koncertam-isakas-nakts-dziesmas\/","og_locale":"en_US","og_type":"article","og_title":"U.S. Premiere of I\u013c\u0123i Concert \"Songs for the Shortest Night\" - American Latvian Association","og_description":"Post-folk group I\u013c\u0123i and ALA are offering Latvian-Americans a unique experience for their at-home J\u0101\u0146i (summer solstice) celebration this year. Only for a short time on ALA&#8217;s YouTube channel will you be able to view the I\u013c\u0123i concert &#8220;Songs for the Shortest Night&#8221;, which is being premiered for the first time outside Latvia&#8217;s borders! This [&hellip;]","og_url":"https:\/\/alausa.org\/aktualitates\/asv-pirmizrade-ilgu-koncertam-isakas-nakts-dziesmas\/","og_site_name":"American Latvian Association","article_modified_time":"2020-06-19T23:27:22+00:00","og_image":[{"width":1920,"height":1080,"url":"https:\/\/alausa.org\/wp-content\/uploads\/2020\/06\/IMG_2696.png","type":"image\/png"}],"twitter_card":"summary_large_image","twitter_misc":{"Est. reading time":"1 minute"},"schema":{"@context":"https:\/\/schema.org","@graph":[{"@type":"WebPage","@id":"https:\/\/alausa.org\/aktualitates\/asv-pirmizrade-ilgu-koncertam-isakas-nakts-dziesmas\/","url":"https:\/\/alausa.org\/aktualitates\/asv-pirmizrade-ilgu-koncertam-isakas-nakts-dziesmas\/","name":"U.S. Premiere of I\u013c\u0123i Concert \"Songs for the Shortest Night\" - American Latvian Association","isPartOf":{"@id":"https:\/\/alausa.org\/#website"},"primaryImageOfPage":{"@id":"https:\/\/alausa.org\/aktualitates\/asv-pirmizrade-ilgu-koncertam-isakas-nakts-dziesmas\/#primaryimage"},"image":{"@id":"https:\/\/alausa.org\/aktualitates\/asv-pirmizrade-ilgu-koncertam-isakas-nakts-dziesmas\/#primaryimage"},"thumbnailUrl":"https:\/\/alausa.org\/wp-content\/uploads\/2020\/06\/IMG_2696.png","datePublished":"2020-06-19T23:25:44+00:00","dateModified":"2020-06-19T23:27:22+00:00","breadcrumb":{"@id":"https:\/\/alausa.org\/aktualitates\/asv-pirmizrade-ilgu-koncertam-isakas-nakts-dziesmas\/#breadcrumb"},"inLanguage":"en-US","potentialAction":[{"@type":"ReadAction","target":["https:\/\/alausa.org\/aktualitates\/asv-pirmizrade-ilgu-koncertam-isakas-nakts-dziesmas\/"]}]},{"@type":"ImageObject","inLanguage":"en-US","@id":"https:\/\/alausa.org\/aktualitates\/asv-pirmizrade-ilgu-koncertam-isakas-nakts-dziesmas\/#primaryimage","url":"https:\/\/alausa.org\/wp-content\/uploads\/2020\/06\/IMG_2696.png","contentUrl":"https:\/\/alausa.org\/wp-content\/uploads\/2020\/06\/IMG_2696.png","width":1920,"height":1080},{"@type":"BreadcrumbList","@id":"https:\/\/alausa.org\/aktualitates\/asv-pirmizrade-ilgu-koncertam-isakas-nakts-dziesmas\/#breadcrumb","itemListElement":[{"@type":"ListItem","position":1,"name":"Home","item":"https:\/\/alausa.org\/en\/"},{"@type":"ListItem","position":2,"name":"News","item":"https:\/\/alausa.org\/en\/aktualitates\/"},{"@type":"ListItem","position":3,"name":"U.S. Premiere of I\u013c\u0123i Concert &#8220;Songs for the Shortest Night&#8221;"}]},{"@type":"WebSite","@id":"https:\/\/alausa.org\/#website","url":"https:\/\/alausa.org\/","name":"American Latvian Association","description":"","potentialAction":[{"@type":"SearchAction","target":{"@type":"EntryPoint","urlTemplate":"https:\/\/alausa.org\/?s={search_term_string}"},"query-input":{"@type":"PropertyValueSpecification","valueRequired":true,"valueName":"search_term_string"}}],"inLanguage":"en-US"}]}},"_links":{"self":[{"href":"https:\/\/alausa.org\/en\/wp-json\/wp\/v2\/news\/2594","targetHints":{"allow":["GET"]}}],"collection":[{"href":"https:\/\/alausa.org\/en\/wp-json\/wp\/v2\/news"}],"about":[{"href":"https:\/\/alausa.org\/en\/wp-json\/wp\/v2\/types\/news"}],"wp:featuredmedia":[{"embeddable":true,"href":"https:\/\/alausa.org\/en\/wp-json\/wp\/v2\/media\/2595"}],"wp:attachment":[{"href":"https:\/\/alausa.org\/en\/wp-json\/wp\/v2\/media?parent=2594"}],"wp:term":[{"taxonomy":"category","embeddable":true,"href":"https:\/\/alausa.org\/en\/wp-json\/wp\/v2\/category?post=2594"}],"curies":[{"name":"wp","href":"https:\/\/api.w.org\/{rel}","templated":true}]}}